{"id":7445,"date":"2021-11-25T12:25:38","date_gmt":"2021-11-25T11:25:38","guid":{"rendered":"https:\/\/www.pressroom.cloud\/?p=7445"},"modified":"2025-03-26T17:18:09","modified_gmt":"2025-03-26T16:18:09","slug":"oro-e-colore-gubbio-omaggia-ottaviano-nelli","status":"publish","type":"post","link":"https:\/\/www.pressroom.cloud\/en\/oro-e-colore-gubbio-omaggia-ottaviano-nelli\/","title":{"rendered":"Oro e colore. Gubbio omaggia Ottaviano Nelli"},"content":{"rendered":"<p style=\"text-align: justify;\"><strong>Gubbio apre la stagione delle mostre autunnali e rende omaggio ad Ottaviano Nelli, con una mostra monografica dedicata ad uno dei massimi pittori pi\u00f9 rappresentativi del gotico internazionale.<br \/>\nL\u2019itinerario urbano completa la scoperta di Ottaviano Nelli a Gubbio, con la visita a cicli di grandiose narrazioni in sei luoghi d\u2019eccezione.<\/strong><\/p>\n<p><img decoding=\"async\" src=\"https:\/\/artslife.com\/wp-content\/uploads\/2021\/11\/Mostra_Ottaviano-Nelli_immagine-guida-1000x722.jpg\" \/><\/p>\n<p style=\"text-align: justify;\"><strong>L\u2019arte caleidoscopica di Ottaviano Nelli \u00e8 protagonista<\/strong>\u00a0della mostra \u201cOttaviano Nelli e il &#8216;400 a Gubbio. Oro e colore nel cuore dell&#8217;Appennino\u201d, che sar\u00e0 allestita a Gubbio dal 23 settembre 2021 al 9 gennaio 2022. Ad ospitarla saranno i due luoghi espositivi pi\u00f9 emblematici della citt\u00e0, il Palazzo Ducale e il Palazzo dei Consoli.<br \/>\nLa mostra riunisce le opere pi\u00f9 importanti del pittore eugubino Ottaviano Nelli, quali polittici, anconette e affreschi strappati e al contempo propone una lettura del legame profondo dell\u2019artista con la citt\u00e0 e il territorio di cui fu espressione massima nel suo tempo.\u00a0<strong>Ottaviano Nelli visse ed oper\u00f2 a lungo. Ogni angolo di Gubbio conserva tracce della sua instancabile operosit\u00e0.<\/strong>\u00a0Per questo il percorso espositivo prosegue all\u2019esterno e si connette al contesto urbano per un unico itinerario di visita con cicli spettacolari di grandiose narrazioni nellesche. In particolare gli affreschi in Santa Maria Nuova, la \u201cMadonna del Belvedere\u201d dalla bellezza commovente e manifesto del gotico internazionale e la solenne \u201cCrocefissione\u201d. La scoperta di Nelli prosegue in Sant\u2019Agostino, Santa Maria della Piaggiola, San Francesco, Fraternita dei Laici (o dei Bianchi), San Domenico e canonica di San Secondo (cappella Panfili di Jacopo Bedi).<\/p>\n<p style=\"text-align: justify;\"><strong>L\u2019esposizione,<\/strong>\u00a0a cura di Andrea De Marchi e Maria Rita Silvestrelli, \u00e8 promossa dalla Direzione Regionale Musei Umbria, il Comune di Gubbio, Palazzo Ducale di Gubbio e Palazzo dei Consoli con il contributo della Regione Umbria, il sostegno della Fondazione Cassa di Risparmio di Perugia, in collaborazione con la Soprintendenza Archeologia Belle Arti e Paesaggio dell&#8217;Umbria, la Diocesi di Gubbio, Gubbio Cultura e Multiservizi, il Festival del Medioevo e la Galleria Nazionale dell\u2019Umbria. L\u2019organizzazione \u00e8 affidata a Maggioli Cultura. L\u2019inaugurazione della mostra \u00e8 prevista gioved\u00ec 23 settembre alle ore 18.30.<\/p>\n<p><img decoding=\"async\" class=\"aligncenter\" src=\"https:\/\/artslife.com\/wp-content\/uploads\/2021\/11\/03_Ottaviano-Nelli_mostra-592x1000.jpg\" \/><\/p>\n<p style=\"text-align: justify;\"><strong>Ottaviano di Martino Nelli (Gubbio, 1370 ca. \u2013 1448-49) \u00e8 l\u2019artista pi\u00f9 importante che la citt\u00e0 di Gubbio abbia avuto<\/strong>\u00a0e viene presentato al grande pubblico con una mostra monografica a lui dedicata. Formatosi nell&#8217;ambito della cultura tardogotica, seppe fondere la tradizione locale con elementi desunti dalla pittura lombarda e dalla miniatura francese, sviluppando un linguaggio personale vicino alle soluzioni di Lorenzo Salimbeni e di Gentile da Fabriano. A Gubbio, dove venne ripetutamente nominato console della citt\u00e0, fu a capo di un\u2019attivissima bottega che esercit\u00f2 una certa influenza in Umbria e nelle Marche. Tematica centrale della mostra, pertanto, \u00e8 quel Quattrocento eugubino di cui Ottaviano Nelli fu protagonista indiscusso.<\/p>\n<p style=\"text-align: justify;\"><strong>Le splendide sale di Palazzo Ducale e Palazzo dei Consoli<\/strong>\u00a0presentano alcune delle testimonianze qualitativamente pi\u00f9 alte ed emblematiche della sua arte, con prestiti mirati provenienti da importanti istituzioni e collezioni private. La mostra si divide in due sezioni: a Palazzo Ducale \u201cOttaviano Nelli, pittore prezioso\u201d, mentre a Palazzo dei Consoli \u00e8 raccontato \u201cIl lascito del Nelli a Gubbio\u201d. Ottaviano Nelli fu soprattutto pittore di affreschi, ma si potranno ammirare anche pale d\u2019altare e dittici di devozione individuale.<br \/>\nFulcro dell\u2019esposizione a Palazzo Ducale \u00e8 la ricostruzione integrale per la prima volta di un grande pentittico francescano attualmente smembrato e conservato in cinque sedi diverse tra Italia, Francia e Stati Uniti.<br \/>\nLa mostra \u201cOttaviano Nelli e il &#8216;400 a Gubbio\u201d \u00e8 il punto di partenza per ricomporre in maniera efficace la vicenda di un artista dalla forte personalit\u00e0. Una mostra preziosa che trasmetter\u00e0 al visitatore il fascino della scoperta, dal punto di vista storico e artistico. Un omaggio unico a Gubbio e alla sua ricchezza culturale.<\/p>\n<p style=\"text-align: justify;\"><strong>Il curatore Andrea De Marchi:<\/strong>\u00a0\u00ab<em>Pochi artisti sono rappresentativi della grande stagione del gotico internazionale come Ottaviano Nelli. Ebbe la capacit\u00e0 di farsi interprete del suo tempo, della sua gente e dei suoi paesi, di una borghesia mercantile ed artigiana in esuberante crisi di vitalit\u00e0 di cui lui era figlio. Fu vorace e quasi bulimico nell\u2019assimilare spunti disparati e fin contrastanti, coniando un linguaggio loquace e multitasking, di facile presa e colorito, che condizion\u00f2 a lungo i pittori che seguirono per quasi tutto il secolo. La forza pittorica di Ottaviano Nelli fu la capacit\u00e0 di attraversare i registri e mescolare i livelli, la musica degli angeli e il fortore degli stabbi, l\u2019inno sacro e la mascherata irriverente, la tenerezza liliale delle sue Madonne e la crudezza del sangue a fiotti di martirii, la dolcezza malinconica e la volgarit\u00e0 compiaciuta. Ottaviano Nelli \u00e8 un pittore dalla vena umoristica, a tratti perfino beffarda<\/em>\u00bb.<\/p>\n<p><img loading=\"lazy\" decoding=\"async\" class=\"aligncenter\" src=\"https:\/\/citynews-perugiatoday.stgy.ovh\/~media\/horizontal-mid\/1388247465275\/02-6.jpg\" width=\"910\" height=\"512\" \/><\/p>\n<p style=\"text-align: justify;\"><strong>La curatrice Maria Rita Silvestrelli:<\/strong>\u00a0\u00ab<em>La fortuna critica di Ottaviano Nelli ha preso avvio dalle corrispondenze private e dagli interessi dell\u2019erudizione tardo settecentesca. Mano a mano il pittore si \u00e8 aperto un varco nella storiografia artistica e suscit\u00f2 nuove curiosit\u00e0 che andavano di pari passo con una crescente attenzione per la citt\u00e0 di Gubbio. \u00c8 stata una vera riscoperta quella di Ottaviano Nelli e questa mostra ne raccoglie tutta la fascinazione che continua ancora negli studi attuali. Nella sua semplicit\u00e0, Ottaviano fu un grande narratore, infaticabile ideatore di scene tratte dalla vita quotidiana, riprodotte con garbo e immediatezza, ancorate a modelli arcaici e perenni, per questo in grado di dialogare anche oggi con una realt\u00e0 in piena trasformazione e di continuare, v\u2019\u00e8 da crederlo, a raccogliere consensi<\/em>\u00bb.<\/p>\n<p style=\"text-align: justify;\"><strong>Crowdfunding per san Domenico<\/strong>. La mostra vuole essere l\u2019occasione anche per attirare l\u2019attenzione su vari affreschi in cinque cappelle di San Domenico, che devono essere salvati dallo stato di evidente degrado in cui versano. Per questa necessit\u00e0 urgente \u00e8 stata lanciata una sottoscrizione in favore dei restauri in San Domenico a cui si potr\u00e0 partecipare, presto avviati grazie al contributo della Fondazione della Cassa di Risparmio di Perugia.<\/p>\n","protected":false},"excerpt":{"rendered":"<p>Gubbio apre la stagione delle mostre autunnali e rende omaggio ad Ottaviano Nelli, con una mostra monografica dedicata ad uno dei massimi pittori pi\u00f9 rappresentativi del gotico internazionale. L\u2019itinerario urbano completa la scoperta di Ottaviano Nelli a Gubbio, con la visita a cicli di grandiose&#8230;<\/p>\n","protected":false},"author":3,"featured_media":7453,"comment_status":"open","ping_status":"open","sticky":false,"template":"","format":"standard","meta":{"footnotes":""},"categories":[67,66],"tags":[1493,784,1175,1494],"class_list":["post-7445","post","type-post","status-publish","format-standard","has-post-thumbnail","hentry","category-arte","category-newsroom","tag-gubbio","tag-mostre","tag-musei","tag-ottaviano-nelli"],"_links":{"self":[{"href":"https:\/\/www.pressroom.cloud\/en\/wp-json\/wp\/v2\/posts\/7445","targetHints":{"allow":["GET"]}}],"collection":[{"href":"https:\/\/www.pressroom.cloud\/en\/wp-json\/wp\/v2\/posts"}],"about":[{"href":"https:\/\/www.pressroom.cloud\/en\/wp-json\/wp\/v2\/types\/post"}],"author":[{"embeddable":true,"href":"https:\/\/www.pressroom.cloud\/en\/wp-json\/wp\/v2\/users\/3"}],"replies":[{"embeddable":true,"href":"https:\/\/www.pressroom.cloud\/en\/wp-json\/wp\/v2\/comments?post=7445"}],"version-history":[{"count":1,"href":"https:\/\/www.pressroom.cloud\/en\/wp-json\/wp\/v2\/posts\/7445\/revisions"}],"predecessor-version":[{"id":22503,"href":"https:\/\/www.pressroom.cloud\/en\/wp-json\/wp\/v2\/posts\/7445\/revisions\/22503"}],"wp:featuredmedia":[{"embeddable":true,"href":"https:\/\/www.pressroom.cloud\/en\/wp-json\/wp\/v2\/media\/7453"}],"wp:attachment":[{"href":"https:\/\/www.pressroom.cloud\/en\/wp-json\/wp\/v2\/media?parent=7445"}],"wp:term":[{"taxonomy":"category","embeddable":true,"href":"https:\/\/www.pressroom.cloud\/en\/wp-json\/wp\/v2\/categories?post=7445"},{"taxonomy":"post_tag","embeddable":true,"href":"https:\/\/www.pressroom.cloud\/en\/wp-json\/wp\/v2\/tags?post=7445"}],"curies":[{"name":"wp","href":"https:\/\/api.w.org\/{rel}","templated":true}]}}