{"id":9207,"date":"2022-07-11T13:47:21","date_gmt":"2022-07-11T12:47:21","guid":{"rendered":"https:\/\/www.pressroom.cloud\/?p=9207"},"modified":"2025-03-26T17:16:22","modified_gmt":"2025-03-26T16:16:22","slug":"a-venezia-joseph-beuys-e-finamente-articolato","status":"publish","type":"post","link":"https:\/\/www.pressroom.cloud\/en\/a-venezia-joseph-beuys-e-finamente-articolato\/","title":{"rendered":"A Venezia, Joseph Beuys \u00e8 &#8220;finamente articolato&#8221;"},"content":{"rendered":"<p style=\"text-align: justify;\">La Galleria di <a href=\"https:\/\/www.cini.it\/\"><strong>Palazzo Cini<\/strong><\/a>, straordinaria casa-museo che custodisce i capolavori della collezione personale del grande mecenate Vittorio Cini, riapre al pubblico con una straordinaria mostra dossier:\u00a0<strong><em>Joseph Beuys. Finamente Articolato<\/em><\/strong>, dedicata a uno dei pi\u00f9 importanti artisti del XX secolo.<\/p>\n<div style=\"width: 936px\" class=\"wp-caption aligncenter\"><img loading=\"lazy\" decoding=\"async\" src=\"https:\/\/www.live-venice.it\/wp-content\/uploads\/2022\/04\/JB_1146_LV.jpg\" alt=\"Joseph Beuys, Zwei Frauen, 1955. Pencil, watercolour, gouache and iron chloride on paper. Image 21\u00d729,5 cm. Frame 41 x 50 x 3 cm. Photo by Ulrich Ghezzi. \u00a9 Joseph Beuys Estate.\" width=\"926\" height=\"696\" \/><p class=\"wp-caption-text\">Zwei Frauen, 1955. Foto di Ulrich Ghezzi. \u00a9 Joseph Beuys Estate.<\/p><\/div>\n<p style=\"text-align: justify;\">Joseph Beuys, pittore, scultore, performer e teorico, \u00e8 stato un artista poliedrico tra i pi\u00f9 influenti ed emblematici della seconda met\u00e0 del Novecento e tra i pochi realmente capaci di far coincidere arte e vita. Beuys considerava l\u2019arte la cura ai mali della societ\u00e0: una forza positiva e curativa in grado di risvegliare la creativit\u00e0 individuale, attivare la consapevolezza politica e stimolare il cambiamento sociale.<\/p>\n<div style=\"width: 914px\" class=\"wp-caption aligncenter\"><img loading=\"lazy\" decoding=\"async\" src=\"https:\/\/www.live-venice.it\/wp-content\/uploads\/2022\/04\/JB_1209_LV.jpg\" alt=\"\" width=\"904\" height=\"550\" \/><p class=\"wp-caption-text\">Junges Pferdchen (Young Horse), 1955-1986. Foto di Tom Carter. \u00a9 Joseph Beuys Estate<\/p><\/div>\n<p style=\"text-align: justify;\">La mostra che prende il nome dall\u2019opera principale esposta\u00a0<em>Supporto per la schiena di un essere umano finamente articolato (tipo lepre) del XX secolo d.C.<\/em>\u00a0(<em>Backrest for a fine-limbed person (hare-type) of the 20th Century AD<\/em>) presenta una selezione di circa 40 opere del maestro dell\u2019arte concettuale del quale nel 2021 si sono celebrati i cento anni dalla nascita. A cura di Luca Massimo Barbero, direttore dell\u2019Istituto di Storia dell\u2019Arte della Fondazione Giorgio Cini e realizzata in collaborazione con galleria Thaddaeus Ropac, l\u2019esposizione sar\u00e0 <strong>aperta al pubblico fino al 2 ottobre 2022<\/strong> tutti i giorni della settimana (escluso il marted\u00ec), garantendo al pubblico di am- mirare le rare opere esposte. La Galleria, con le sue collezioni permanenti, rimarr\u00e0 aperta fino al 21 novembre 2022<\/p>\n","protected":false},"excerpt":{"rendered":"<p>La Galleria di Palazzo Cini, straordinaria casa-museo che custodisce i capolavori della collezione personale del grande mecenate Vittorio Cini, riapre al pubblico con una straordinaria mostra dossier:\u00a0Joseph Beuys. Finamente Articolato, dedicata a uno dei pi\u00f9 importanti artisti del XX secolo. Joseph Beuys, pittore, scultore, performer&#8230;<\/p>\n","protected":false},"author":3,"featured_media":9208,"comment_status":"open","ping_status":"open","sticky":false,"template":"","format":"standard","meta":{"footnotes":""},"categories":[67,66],"tags":[1646,1647,321],"class_list":["post-9207","post","type-post","status-publish","format-standard","has-post-thumbnail","hentry","category-arte","category-newsroom","tag-joseph-beuys","tag-palazzo-cini","tag-venezia"],"_links":{"self":[{"href":"https:\/\/www.pressroom.cloud\/en\/wp-json\/wp\/v2\/posts\/9207","targetHints":{"allow":["GET"]}}],"collection":[{"href":"https:\/\/www.pressroom.cloud\/en\/wp-json\/wp\/v2\/posts"}],"about":[{"href":"https:\/\/www.pressroom.cloud\/en\/wp-json\/wp\/v2\/types\/post"}],"author":[{"embeddable":true,"href":"https:\/\/www.pressroom.cloud\/en\/wp-json\/wp\/v2\/users\/3"}],"replies":[{"embeddable":true,"href":"https:\/\/www.pressroom.cloud\/en\/wp-json\/wp\/v2\/comments?post=9207"}],"version-history":[{"count":1,"href":"https:\/\/www.pressroom.cloud\/en\/wp-json\/wp\/v2\/posts\/9207\/revisions"}],"predecessor-version":[{"id":22205,"href":"https:\/\/www.pressroom.cloud\/en\/wp-json\/wp\/v2\/posts\/9207\/revisions\/22205"}],"wp:featuredmedia":[{"embeddable":true,"href":"https:\/\/www.pressroom.cloud\/en\/wp-json\/wp\/v2\/media\/9208"}],"wp:attachment":[{"href":"https:\/\/www.pressroom.cloud\/en\/wp-json\/wp\/v2\/media?parent=9207"}],"wp:term":[{"taxonomy":"category","embeddable":true,"href":"https:\/\/www.pressroom.cloud\/en\/wp-json\/wp\/v2\/categories?post=9207"},{"taxonomy":"post_tag","embeddable":true,"href":"https:\/\/www.pressroom.cloud\/en\/wp-json\/wp\/v2\/tags?post=9207"}],"curies":[{"name":"wp","href":"https:\/\/api.w.org\/{rel}","templated":true}]}}